{"id":280,"date":"2016-01-10T21:31:29","date_gmt":"2016-01-10T20:31:29","guid":{"rendered":"https:\/\/www.provocantus.de\/?p=280"},"modified":"2025-12-27T18:34:22","modified_gmt":"2025-12-27T17:34:22","slug":"herzlich-willkommen","status":"publish","type":"post","link":"https:\/\/www.provocantus.de\/index.php\/2016\/01\/10\/herzlich-willkommen\/","title":{"rendered":"Herzlich Willkommen"},"content":{"rendered":"<p>Herzlich Willkommen beim Konzertchor ProvoCantus! Wir freuen uns \u00fcber Dein\/Ihr Interesse an unserem Chor. Auf dieser Homepage finden sich zahlreiche Infos zu unseren Projekten, zu unserer Musik, M\u00f6glichkeiten bei uns mitzumachen, \u00fcber die Verantwortlichen u.v.m.<\/p>\n<p>Der Konzertchor ProvoCantus, deren Mitglieder aus den Landkreisen Freyung-Grafenau und Passau kommen, hat sich im Laufe der Jahre zu einem musikalischen Aush\u00e4ngeschild der Region entwickelt und profiliert sich immer mehr als Chor mit beeindruckendem Klanggef\u00fcge. Seit der Gr\u00fcndung im Jahre 2003 unter seinem Leiter Ansver Sobtzick hat sich der Chor ein umfangreiches Repertoire erarbeitet, von anspruchsvoller geistlicher A\u2013cappella\u2013Musik quer durch verschiedene Jahrhunderte bis hin zu gro\u00dfen Messen und Oratorien. Der Chor m\u00f6chte dabei die Vielfalt der Chormusik von den Anf\u00e4ngen bis zur Gegenwart musikalisch erleben und spezialisiert sich deshalb nicht auf ein bestimmtes Genre. In Zusammenarbeit mit anderen Ch\u00f6ren und Dirigenten aus dem In- und Ausland wird nicht nur der musikalische Horizont erweitert, sondern auch soziale Kompetenz gef\u00f6rdert. Jugendarbeit ist ein zentrales Anliegen des Chores. Die j\u00fcngsten Mitglieder sind im f\u00fcnften Schulbesuchsjahr und mischen sich mit Sch\u00fclern, Studenten und Junggebliebenen. Die Freude an der Musik und die gesellige Gemeinschaft sind das Bindeglied zwischen den Generationen. So bekommen schon Kinder und Jugendliche die M\u00f6glichkeit, sich mit gehobener Chorliteratur auseinander zu setzen und die Faszination, die von Musik ausgeht, zu sp\u00fcren und mitzuerleben. Trotz oder gerade wegen dieser gemischten Altersstruktur besticht der Chor durch einen homogenen und dennoch facettenreichen Chorklang. Dies zeigte der Chor bei zahlreichen Konzerten und Gottesdienstgestaltungen, auf Konzerttourneen im In- und Ausland und den erschienenen CD-Einspielungen \u201eO sacrum convivium\u201c und \u201eGloria in excelsis Deo\u201c sowie beim CD-Buch &#8222;Wie sch\u00f6n bist Du. Das Hohelied der Liebe&#8220; und der 2023 erschienenen CD &#8222;Tenebrae&#8220;.<\/p>\n<p>Chorleitung: Ansver Sobtzick<br \/>1. Vorstand: Elisabeth Schuster<br \/>2. Vorstand: Claudia Seidl<br \/>Kassenwart: Brigitte Pecho<br \/>Schriftf\u00fchrer: Felix S\u00fc\u00df<\/p>\n\n\n<p><\/p>\n","protected":false},"excerpt":{"rendered":"<p>Herzlich Willkommen beim Konzertchor ProvoCantus! Wir freuen uns \u00fcber Dein\/Ihr Interesse an unserem Chor. Auf dieser Homepage finden sich zahlreiche Infos zu unseren Projekten, zu unserer Musik, M\u00f6glichkeiten bei uns mitzumachen, \u00fcber die Verantwortlichen u.v.m. Der Konzertchor ProvoCantus, deren Mitglieder aus den Landkreisen Freyung-Grafenau und Passau kommen, hat sich im Laufe der Jahre zu einem [&hellip;]<\/p>\n","protected":false},"author":1,"featured_media":373,"comment_status":"closed","ping_status":"open","sticky":false,"template":"","format":"standard","meta":{"footnotes":""},"categories":[1],"tags":[],"class_list":["post-280","post","type-post","status-publish","format-standard","has-post-thumbnail","hentry","category-allgemein"],"_links":{"self":[{"href":"https:\/\/www.provocantus.de\/index.php\/wp-json\/wp\/v2\/posts\/280","targetHints":{"allow":["GET"]}}],"collection":[{"href":"https:\/\/www.provocantus.de\/index.php\/wp-json\/wp\/v2\/posts"}],"about":[{"href":"https:\/\/www.provocantus.de\/index.php\/wp-json\/wp\/v2\/types\/post"}],"author":[{"embeddable":true,"href":"https:\/\/www.provocantus.de\/index.php\/wp-json\/wp\/v2\/users\/1"}],"replies":[{"embeddable":true,"href":"https:\/\/www.provocantus.de\/index.php\/wp-json\/wp\/v2\/comments?post=280"}],"version-history":[{"count":8,"href":"https:\/\/www.provocantus.de\/index.php\/wp-json\/wp\/v2\/posts\/280\/revisions"}],"predecessor-version":[{"id":1173,"href":"https:\/\/www.provocantus.de\/index.php\/wp-json\/wp\/v2\/posts\/280\/revisions\/1173"}],"wp:featuredmedia":[{"embeddable":true,"href":"https:\/\/www.provocantus.de\/index.php\/wp-json\/wp\/v2\/media\/373"}],"wp:attachment":[{"href":"https:\/\/www.provocantus.de\/index.php\/wp-json\/wp\/v2\/media?parent=280"}],"wp:term":[{"taxonomy":"category","embeddable":true,"href":"https:\/\/www.provocantus.de\/index.php\/wp-json\/wp\/v2\/categories?post=280"},{"taxonomy":"post_tag","embeddable":true,"href":"https:\/\/www.provocantus.de\/index.php\/wp-json\/wp\/v2\/tags?post=280"}],"curies":[{"name":"wp","href":"https:\/\/api.w.org\/{rel}","templated":true}]}}